{"id":5118,"date":"2022-08-29T15:14:06","date_gmt":"2022-08-29T13:14:06","guid":{"rendered":"https:\/\/retrospektive-film.de\/board\/?p=5118"},"modified":"2022-08-29T15:17:55","modified_gmt":"2022-08-29T13:17:55","slug":"aushangfotos-und-cover-hinzugefuegt-von-2","status":"publish","type":"post","link":"https:\/\/retrospektive-film.de\/board\/aushangfotos-und-cover-hinzugefuegt-von-2\/","title":{"rendered":"Aushangfotos und Cover hinzugef\u00fcgt von:"},"content":{"rendered":"\n<p>Zombie, Zombie 1, Zombies im Kaufhaus, Dawn of the Dead &#8211; 16 Aushangfotos + Diverse VHS Cover<\/p>\n\n\n\n<p>&#8222;Wenn in der H\u00f6lle kein Platz mehr ist, kommen die Toten auf die Erde zur\u00fcck.&#8220; Die k\u00fcrzlich Verstorbenen erheben sich aus Ihren Gr\u00e4bern und kehren als lebende Tote zur\u00fcck, um die Menschen zu jagen und zu fressen. In dem allgemeinen Chaos droht die Zivilisation zusammenzubrechen. Es werden R\u00e4umungskommandos organisiert, welche von Haus zu Haus ziehen, um die Infizierten zu t\u00f6ten. Zu einem dieser Kommandos geh\u00f6ren auch Peter (Ken Foree) und Roger (Scott H. Reiniger), die von dieser Aufgabe aber die Nase voll haben. Zur gleichen Zeit versucht ein Fernsehsender, f\u00fcr den auch Stephen (David Emge) und Francine (Gaylen Ross) arbeiten, so lange wie m\u00f6glich zu senden, um die restliche Bev\u00f6lkerung auf dem Laufenden zu halten. Als der Ansturm der Zombies immer weiter zunimmt schl\u00e4gt Stephen vor, mit dem Firmenhelikopter vom Dach des Senders zu fl\u00fcchten. Auf der Landeplattform sto\u00dfen noch Peter und Roger dazu. Als der Sprit des Helikopters zur Neige geht landen sie auf dem Dach einer Shopping-Mall in welcher sie alles finden, was sie brauchen um lange \u00fcberleben zu k\u00f6nnen. Zun\u00e4chst m\u00fcssen sie das Einkaufscenter aber noch von den Zombies befreien.<\/p>\n","protected":false},"excerpt":{"rendered":"<p>Zombie, Zombie 1, Zombies im Kaufhaus, Dawn of the Dead &#8211; 16 Aushangfotos + Diverse VHS Cover &#8222;Wenn in der H\u00f6lle kein Platz mehr ist, kommen die Toten auf die Erde zur\u00fcck.&#8220; Die k\u00fcrzlich Verstorbenen erheben sich aus Ihren Gr\u00e4bern und kehren als lebende Tote zur\u00fcck, um die Menschen zu jagen und zu fressen. In [&hellip;]<\/p>\n","protected":false},"author":1,"featured_media":4993,"comment_status":"open","ping_status":"open","sticky":false,"template":"","format":"standard","meta":{"ngg_post_thumbnail":0,"footnotes":"","_links_to":"","_links_to_target":""},"categories":[1],"tags":[121,126,91,123,119,122,120,125,116,118,124,117],"class_list":["post-5118","post","type-post","status-publish","format-standard","has-post-thumbnail","hentry","category-allgemein","tag-121","tag-126","tag-aushangfotos","tag-dario-argento","tag-dawn-of-the-dead","tag-george-a-romero","tag-verboten","tag-vhs-cover","tag-zombie","tag-zombie-1","tag-zombiefilm","tag-zombies-im-kaufhaus"],"_links":{"self":[{"href":"https:\/\/retrospektive-film.de\/board\/wp-json\/wp\/v2\/posts\/5118","targetHints":{"allow":["GET"]}}],"collection":[{"href":"https:\/\/retrospektive-film.de\/board\/wp-json\/wp\/v2\/posts"}],"about":[{"href":"https:\/\/retrospektive-film.de\/board\/wp-json\/wp\/v2\/types\/post"}],"author":[{"embeddable":true,"href":"https:\/\/retrospektive-film.de\/board\/wp-json\/wp\/v2\/users\/1"}],"replies":[{"embeddable":true,"href":"https:\/\/retrospektive-film.de\/board\/wp-json\/wp\/v2\/comments?post=5118"}],"version-history":[{"count":2,"href":"https:\/\/retrospektive-film.de\/board\/wp-json\/wp\/v2\/posts\/5118\/revisions"}],"predecessor-version":[{"id":5122,"href":"https:\/\/retrospektive-film.de\/board\/wp-json\/wp\/v2\/posts\/5118\/revisions\/5122"}],"wp:featuredmedia":[{"embeddable":true,"href":"https:\/\/retrospektive-film.de\/board\/wp-json\/wp\/v2\/media\/4993"}],"wp:attachment":[{"href":"https:\/\/retrospektive-film.de\/board\/wp-json\/wp\/v2\/media?parent=5118"}],"wp:term":[{"taxonomy":"category","embeddable":true,"href":"https:\/\/retrospektive-film.de\/board\/wp-json\/wp\/v2\/categories?post=5118"},{"taxonomy":"post_tag","embeddable":true,"href":"https:\/\/retrospektive-film.de\/board\/wp-json\/wp\/v2\/tags?post=5118"}],"curies":[{"name":"wp","href":"https:\/\/api.w.org\/{rel}","templated":true}]}}